{"id":2039,"date":"2024-11-16T19:01:54","date_gmt":"2024-11-16T18:01:54","guid":{"rendered":"https:\/\/lettery-demo.bslthemes.com\/?p=1844"},"modified":"2024-12-01T17:44:18","modified_gmt":"2024-12-01T16:44:18","slug":"salon-du-chocolat-paris","status":"publish","type":"post","link":"https:\/\/www.tresordepices.fr\/en\/salon-du-chocolat-paris\/","title":{"rendered":"Salon du Chocolat et de la P\u00e2tisserie<br>Paris, 75"},"content":{"rendered":"<div data-elementor-type=\"wp-post\" data-elementor-id=\"2039\" class=\"elementor elementor-2039\">\n\t\t\t\t\t\t<section class=\"elementor-section elementor-top-section elementor-element elementor-element-966e6e9 elementor-section-boxed elementor-section-height-default elementor-section-height-default\" data-id=\"966e6e9\" data-element_type=\"section\" data-e-type=\"section\">\n\t\t\t\t\t\t<div class=\"elementor-container elementor-column-gap-default\">\n\t\t\t\t\t<div class=\"elementor-column elementor-col-100 elementor-top-column elementor-element elementor-element-c94f247\" data-id=\"c94f247\" data-element_type=\"column\" data-e-type=\"column\">\n\t\t\t<div class=\"elementor-widget-wrap elementor-element-populated\">\n\t\t\t\t\t\t<div class=\"elementor-element elementor-element-f279d47 elementor-widget elementor-widget-image\" data-id=\"f279d47\" data-element_type=\"widget\" data-e-type=\"widget\" data-widget_type=\"image.default\">\n\t\t\t\t<div class=\"elementor-widget-container\">\n\t\t\t\t\t\t\t\t\t\t\t\t\t\t\t<img fetchpriority=\"high\" decoding=\"async\" width=\"413\" height=\"465\" src=\"https:\/\/www.tresordepices.fr\/wp-content\/uploads\/2024\/11\/salon-du-chocolat-paris-porte-de-versailles-2024.webp\" class=\"attachment-large size-large wp-image-2885\" alt=\"Salon du chocolat et de la patisserie Paris 2024\" srcset=\"https:\/\/www.tresordepices.fr\/wp-content\/uploads\/2024\/11\/salon-du-chocolat-paris-porte-de-versailles-2024.webp 413w, https:\/\/www.tresordepices.fr\/wp-content\/uploads\/2024\/11\/salon-du-chocolat-paris-porte-de-versailles-2024-266x300.webp 266w\" sizes=\"(max-width: 413px) 100vw, 413px\" \/>\t\t\t\t\t\t\t\t\t\t\t\t\t\t\t<\/div>\n\t\t\t\t<\/div>\n\t\t\t\t\t<\/div>\n\t\t<\/div>\n\t\t\t\t\t<\/div>\n\t\t<\/section>\n\t\t\t\t<section class=\"elementor-section elementor-top-section elementor-element elementor-element-2e284d46 elementor-section-boxed elementor-section-height-default elementor-section-height-default\" data-id=\"2e284d46\" data-element_type=\"section\" data-e-type=\"section\">\n\t\t\t\t\t\t<div class=\"elementor-container elementor-column-gap-default\">\n\t\t\t\t\t<div class=\"elementor-column elementor-col-100 elementor-top-column elementor-element elementor-element-a3d5378\" data-id=\"a3d5378\" data-element_type=\"column\" data-e-type=\"column\">\n\t\t\t<div class=\"elementor-widget-wrap elementor-element-populated\">\n\t\t\t\t\t\t<div class=\"elementor-element elementor-element-2edb8300 elementor-widget elementor-widget-text-editor\" data-id=\"2edb8300\" data-element_type=\"widget\" data-e-type=\"widget\" data-widget_type=\"text-editor.default\">\n\t\t\t\t<div class=\"elementor-widget-container\">\n\t\t\t\t\t\t\t\t\t<p>A must-attend event for all chocolate lovers, the Paris Chocolate and Pastry Fair took place from October 30 to November 3 at the Parc des Expositions, Porte de Versailles.<br>We\u2019re excited to welcome you back for the 2025 edition.<\/p>\t\t\t\t\t\t\t\t<\/div>\n\t\t\t\t<\/div>\n\t\t\t\t\t<\/div>\n\t\t<\/div>\n\t\t\t\t\t<\/div>\n\t\t<\/section>\n\t\t\t\t<section class=\"elementor-section elementor-top-section elementor-element elementor-element-e0344cb elementor-section-boxed elementor-section-height-default elementor-section-height-default\" data-id=\"e0344cb\" data-element_type=\"section\" data-e-type=\"section\">\n\t\t\t\t\t\t<div class=\"elementor-container elementor-column-gap-default\">\n\t\t\t\t\t<div class=\"elementor-column elementor-col-100 elementor-top-column elementor-element elementor-element-f3c1eff\" data-id=\"f3c1eff\" data-element_type=\"column\" data-e-type=\"column\">\n\t\t\t<div class=\"elementor-widget-wrap elementor-element-populated\">\n\t\t\t\t\t\t<div class=\"elementor-element elementor-element-fcab068 elementor-arrows-position-inside elementor-pagination-position-outside elementor-widget elementor-widget-image-carousel\" data-id=\"fcab068\" data-element_type=\"widget\" data-e-type=\"widget\" data-settings=\"{&quot;slides_to_show&quot;:&quot;3&quot;,&quot;image_spacing_custom&quot;:{&quot;unit&quot;:&quot;px&quot;,&quot;size&quot;:10,&quot;sizes&quot;:[]},&quot;slides_to_scroll&quot;:&quot;1&quot;,&quot;navigation&quot;:&quot;both&quot;,&quot;autoplay&quot;:&quot;yes&quot;,&quot;pause_on_hover&quot;:&quot;yes&quot;,&quot;pause_on_interaction&quot;:&quot;yes&quot;,&quot;autoplay_speed&quot;:5000,&quot;infinite&quot;:&quot;yes&quot;,&quot;speed&quot;:500,&quot;image_spacing_custom_tablet&quot;:{&quot;unit&quot;:&quot;px&quot;,&quot;size&quot;:&quot;&quot;,&quot;sizes&quot;:[]},&quot;image_spacing_custom_mobile&quot;:{&quot;unit&quot;:&quot;px&quot;,&quot;size&quot;:&quot;&quot;,&quot;sizes&quot;:[]}}\" data-widget_type=\"image-carousel.default\">\n\t\t\t\t<div class=\"elementor-widget-container\">\n\t\t\t\t\t\t\t<div class=\"elementor-image-carousel-wrapper swiper\" role=\"region\" aria-roledescription=\"carousel\" aria-label=\"Carrousel d\u2019images\" dir=\"ltr\">\n\t\t\t<div class=\"elementor-image-carousel swiper-wrapper\" aria-live=\"off\">\n\t\t\t\t\t\t\t\t<div class=\"swiper-slide\" role=\"group\" aria-roledescription=\"slide\" aria-label=\"1 sur 5\"><figure class=\"swiper-slide-inner\"><img decoding=\"async\" class=\"swiper-slide-image\" src=\"https:\/\/www.tresordepices.fr\/wp-content\/uploads\/2024\/11\/SalonDuChocolat_Paris_zoom_produits-300x300.jpg\" alt=\"SalonDuChocolat_Paris_zoom_produits\" \/><\/figure><\/div><div class=\"swiper-slide\" role=\"group\" aria-roledescription=\"slide\" aria-label=\"2 sur 5\"><figure class=\"swiper-slide-inner\"><img decoding=\"async\" class=\"swiper-slide-image\" src=\"https:\/\/www.tresordepices.fr\/wp-content\/uploads\/2024\/11\/SalonDuChocolat_Paris_stand4-300x300.jpg\" alt=\"SalonDuChocolat_Paris_stand4\" \/><\/figure><\/div><div class=\"swiper-slide\" role=\"group\" aria-roledescription=\"slide\" aria-label=\"3 sur 5\"><figure class=\"swiper-slide-inner\"><img decoding=\"async\" class=\"swiper-slide-image\" src=\"https:\/\/www.tresordepices.fr\/wp-content\/uploads\/2024\/11\/SalonDuChocolat_Paris_stand3-300x300.jpg\" alt=\"SalonDuChocolat_Paris_stand3\" \/><\/figure><\/div><div class=\"swiper-slide\" role=\"group\" aria-roledescription=\"slide\" aria-label=\"4 sur 5\"><figure class=\"swiper-slide-inner\"><img decoding=\"async\" class=\"swiper-slide-image\" src=\"https:\/\/www.tresordepices.fr\/wp-content\/uploads\/2024\/11\/SalonDuChocolat_Paris_stand2-300x300.jpg\" alt=\"SalonDuChocolat_Paris_stand2\" \/><\/figure><\/div><div class=\"swiper-slide\" role=\"group\" aria-roledescription=\"slide\" aria-label=\"5 sur 5\"><figure class=\"swiper-slide-inner\"><img decoding=\"async\" class=\"swiper-slide-image\" src=\"https:\/\/www.tresordepices.fr\/wp-content\/uploads\/2024\/11\/SalonDuChocolat_Paris_stand-300x300.jpg\" alt=\"Salon du Chocolat et de la Patisserie Paris Porte de versailles\" \/><\/figure><\/div>\t\t\t<\/div>\n\t\t\t\t\t\t\t\t\t\t\t\t<div class=\"elementor-swiper-button elementor-swiper-button-prev\" role=\"button\" tabindex=\"0\">\n\t\t\t\t\t\t<i aria-hidden=\"true\" class=\"eicon-chevron-left\"><\/i>\t\t\t\t\t<\/div>\n\t\t\t\t\t<div class=\"elementor-swiper-button elementor-swiper-button-next\" role=\"button\" tabindex=\"0\">\n\t\t\t\t\t\t<i aria-hidden=\"true\" class=\"eicon-chevron-right\"><\/i>\t\t\t\t\t<\/div>\n\t\t\t\t\n\t\t\t\t\t\t\t\t\t<div class=\"swiper-pagination\"><\/div>\n\t\t\t\t\t\t\t\t\t<\/div>\n\t\t\t\t\t\t<\/div>\n\t\t\t\t<\/div>\n\t\t\t\t\t<\/div>\n\t\t<\/div>\n\t\t\t\t\t<\/div>\n\t\t<\/section>\n\t\t\t\t<\/div>","protected":false},"excerpt":{"rendered":"<p>Tr\u00e9sor d&#8217;\u00c9pices \u00e9tait pr\u00e9sente au Salon du Chocolat de Paris du 30 octobre au 03 novembre 2024<\/p>","protected":false},"author":2,"featured_media":2885,"comment_status":"open","ping_status":"open","sticky":false,"template":"","format":"standard","meta":{"_acf_changed":false,"footnotes":""},"categories":[39],"tags":[],"class_list":["post-2039","post","type-post","status-publish","format-standard","has-post-thumbnail","hentry","category-evenement"],"acf":[],"yoast_head":"<!-- This site is optimized with the Yoast SEO plugin v26.2 - https:\/\/yoast.com\/wordpress\/plugins\/seo\/ -->\n<title>Salon du Chocolat et de la P\u00e2tisserieParis, 75 | Tr\u00e9sor d&#039;\u00c9pices<\/title>\n<meta name=\"robots\" content=\"index, follow, max-snippet:-1, max-image-preview:large, max-video-preview:-1\" \/>\n<link rel=\"canonical\" href=\"https:\/\/www.tresordepices.fr\/en\/salon-du-chocolat-paris\/\" \/>\n<meta property=\"og:locale\" content=\"en_US\" \/>\n<meta property=\"og:type\" content=\"article\" \/>\n<meta property=\"og:title\" content=\"Salon du Chocolat et de la P\u00e2tisserieParis, 75 | Tr\u00e9sor d&#039;\u00c9pices\" \/>\n<meta property=\"og:description\" content=\"Tr\u00e9sor d&#039;\u00c9pices \u00e9tait pr\u00e9sente au Salon du Chocolat de Paris du 30 octobre au 03 novembre 2024\" \/>\n<meta property=\"og:url\" content=\"https:\/\/www.tresordepices.fr\/en\/salon-du-chocolat-paris\/\" \/>\n<meta property=\"og:site_name\" content=\"Tr\u00e9sor d&#039;\u00c9pices\" \/>\n<meta property=\"article:published_time\" content=\"2024-11-16T18:01:54+00:00\" \/>\n<meta property=\"article:modified_time\" content=\"2024-12-01T16:44:18+00:00\" \/>\n<meta property=\"og:image\" content=\"https:\/\/www.tresordepices.fr\/wp-content\/uploads\/2024\/11\/salon-du-chocolat-paris-porte-de-versailles-2024.webp\" \/>\n\t<meta property=\"og:image:width\" content=\"413\" \/>\n\t<meta property=\"og:image:height\" content=\"465\" \/>\n\t<meta property=\"og:image:type\" content=\"image\/webp\" \/>\n<meta name=\"author\" content=\"Hanta Laporte\" \/>\n<meta name=\"twitter:card\" content=\"summary_large_image\" \/>\n<meta name=\"twitter:label1\" content=\"Written by\" \/>\n\t<meta name=\"twitter:data1\" content=\"Hanta Laporte\" \/>\n\t<meta name=\"twitter:label2\" content=\"Est. reading time\" \/>\n\t<meta name=\"twitter:data2\" content=\"3 minutes\" \/>\n<script type=\"application\/ld+json\" class=\"yoast-schema-graph\">{\"@context\":\"https:\/\/schema.org\",\"@graph\":[{\"@type\":\"Article\",\"@id\":\"https:\/\/www.tresordepices.fr\/salon-du-chocolat-paris\/#article\",\"isPartOf\":{\"@id\":\"https:\/\/www.tresordepices.fr\/salon-du-chocolat-paris\/\"},\"author\":{\"name\":\"Hanta Laporte\",\"@id\":\"https:\/\/www.tresordepices.fr\/#\/schema\/person\/7187fdc639b924743f2de4db18e41c66\"},\"headline\":\"Salon du Chocolat et de la P\u00e2tisserie Paris, 75\",\"datePublished\":\"2024-11-16T18:01:54+00:00\",\"dateModified\":\"2024-12-01T16:44:18+00:00\",\"mainEntityOfPage\":{\"@id\":\"https:\/\/www.tresordepices.fr\/salon-du-chocolat-paris\/\"},\"wordCount\":51,\"commentCount\":0,\"publisher\":{\"@id\":\"https:\/\/www.tresordepices.fr\/#organization\"},\"image\":{\"@id\":\"https:\/\/www.tresordepices.fr\/salon-du-chocolat-paris\/#primaryimage\"},\"thumbnailUrl\":\"https:\/\/www.tresordepices.fr\/wp-content\/uploads\/2024\/11\/salon-du-chocolat-paris-porte-de-versailles-2024.webp\",\"articleSection\":[\"\u00c9v\u00e8nement\"],\"inLanguage\":\"en-US\",\"potentialAction\":[{\"@type\":\"CommentAction\",\"name\":\"Comment\",\"target\":[\"https:\/\/www.tresordepices.fr\/salon-du-chocolat-paris\/#respond\"]}]},{\"@type\":\"WebPage\",\"@id\":\"https:\/\/www.tresordepices.fr\/salon-du-chocolat-paris\/\",\"url\":\"https:\/\/www.tresordepices.fr\/salon-du-chocolat-paris\/\",\"name\":\"Salon du Chocolat et de la P\u00e2tisserie Paris, 75 | Tr\u00e9sor d&#039;\u00c9pices\",\"isPartOf\":{\"@id\":\"https:\/\/www.tresordepices.fr\/#website\"},\"primaryImageOfPage\":{\"@id\":\"https:\/\/www.tresordepices.fr\/salon-du-chocolat-paris\/#primaryimage\"},\"image\":{\"@id\":\"https:\/\/www.tresordepices.fr\/salon-du-chocolat-paris\/#primaryimage\"},\"thumbnailUrl\":\"https:\/\/www.tresordepices.fr\/wp-content\/uploads\/2024\/11\/salon-du-chocolat-paris-porte-de-versailles-2024.webp\",\"datePublished\":\"2024-11-16T18:01:54+00:00\",\"dateModified\":\"2024-12-01T16:44:18+00:00\",\"breadcrumb\":{\"@id\":\"https:\/\/www.tresordepices.fr\/salon-du-chocolat-paris\/#breadcrumb\"},\"inLanguage\":\"en-US\",\"potentialAction\":[{\"@type\":\"ReadAction\",\"target\":[\"https:\/\/www.tresordepices.fr\/salon-du-chocolat-paris\/\"]}]},{\"@type\":\"ImageObject\",\"inLanguage\":\"en-US\",\"@id\":\"https:\/\/www.tresordepices.fr\/salon-du-chocolat-paris\/#primaryimage\",\"url\":\"https:\/\/www.tresordepices.fr\/wp-content\/uploads\/2024\/11\/salon-du-chocolat-paris-porte-de-versailles-2024.webp\",\"contentUrl\":\"https:\/\/www.tresordepices.fr\/wp-content\/uploads\/2024\/11\/salon-du-chocolat-paris-porte-de-versailles-2024.webp\",\"width\":413,\"height\":465,\"caption\":\"Salon du chocolat et de la patisserie Paris 2024\"},{\"@type\":\"BreadcrumbList\",\"@id\":\"https:\/\/www.tresordepices.fr\/salon-du-chocolat-paris\/#breadcrumb\",\"itemListElement\":[{\"@type\":\"ListItem\",\"position\":1,\"name\":\"Accueil\",\"item\":\"https:\/\/www.tresordepices.fr\/\"},{\"@type\":\"ListItem\",\"position\":2,\"name\":\"Salon du Chocolat et de la P\u00e2tisserieParis, 75\"}]},{\"@type\":\"WebSite\",\"@id\":\"https:\/\/www.tresordepices.fr\/#website\",\"url\":\"https:\/\/www.tresordepices.fr\/\",\"name\":\"Tr\u00e9sor d&#039;\u00c9pices\",\"description\":\"Vanille bourbon et \u00e9pices de Madagascar\",\"publisher\":{\"@id\":\"https:\/\/www.tresordepices.fr\/#organization\"},\"potentialAction\":[{\"@type\":\"SearchAction\",\"target\":{\"@type\":\"EntryPoint\",\"urlTemplate\":\"https:\/\/www.tresordepices.fr\/?s={search_term_string}\"},\"query-input\":{\"@type\":\"PropertyValueSpecification\",\"valueRequired\":true,\"valueName\":\"search_term_string\"}}],\"inLanguage\":\"en-US\"},{\"@type\":\"Organization\",\"@id\":\"https:\/\/www.tresordepices.fr\/#organization\",\"name\":\"Tr\u00e9sor d&#039;\u00c9pices\",\"url\":\"https:\/\/www.tresordepices.fr\/\",\"logo\":{\"@type\":\"ImageObject\",\"inLanguage\":\"en-US\",\"@id\":\"https:\/\/www.tresordepices.fr\/#\/schema\/logo\/image\/\",\"url\":\"https:\/\/www.tresordepices.fr\/wp-content\/uploads\/2022\/01\/TdE_logo.png\",\"contentUrl\":\"https:\/\/www.tresordepices.fr\/wp-content\/uploads\/2022\/01\/TdE_logo.png\",\"width\":582,\"height\":269,\"caption\":\"Tr\u00e9sor d&#039;\u00c9pices\"},\"image\":{\"@id\":\"https:\/\/www.tresordepices.fr\/#\/schema\/logo\/image\/\"}},{\"@type\":\"Person\",\"@id\":\"https:\/\/www.tresordepices.fr\/#\/schema\/person\/7187fdc639b924743f2de4db18e41c66\",\"name\":\"Hanta Laporte\",\"image\":{\"@type\":\"ImageObject\",\"inLanguage\":\"en-US\",\"@id\":\"https:\/\/www.tresordepices.fr\/#\/schema\/person\/image\/\",\"url\":\"https:\/\/secure.gravatar.com\/avatar\/29a930236beae9eed81d6aa3ea4d47bae893e529af272a1af93f1fb7760fa365?s=96&d=mm&r=g\",\"contentUrl\":\"https:\/\/secure.gravatar.com\/avatar\/29a930236beae9eed81d6aa3ea4d47bae893e529af272a1af93f1fb7760fa365?s=96&d=mm&r=g\",\"caption\":\"Hanta Laporte\"},\"url\":\"https:\/\/www.tresordepices.fr\/en\/author\/hanta\/\"}]}<\/script>\n<!-- \/ Yoast SEO plugin. -->","yoast_head_json":{"title":"Salon du Chocolat et de la P\u00e2tisserieParis, 75 | Tr\u00e9sor d&#039;\u00c9pices","robots":{"index":"index","follow":"follow","max-snippet":"max-snippet:-1","max-image-preview":"max-image-preview:large","max-video-preview":"max-video-preview:-1"},"canonical":"https:\/\/www.tresordepices.fr\/en\/salon-du-chocolat-paris\/","og_locale":"en_US","og_type":"article","og_title":"Salon du Chocolat et de la P\u00e2tisserieParis, 75 | Tr\u00e9sor d&#039;\u00c9pices","og_description":"Tr\u00e9sor d'\u00c9pices \u00e9tait pr\u00e9sente au Salon du Chocolat de Paris du 30 octobre au 03 novembre 2024","og_url":"https:\/\/www.tresordepices.fr\/en\/salon-du-chocolat-paris\/","og_site_name":"Tr\u00e9sor d&#039;\u00c9pices","article_published_time":"2024-11-16T18:01:54+00:00","article_modified_time":"2024-12-01T16:44:18+00:00","og_image":[{"width":413,"height":465,"url":"https:\/\/www.tresordepices.fr\/wp-content\/uploads\/2024\/11\/salon-du-chocolat-paris-porte-de-versailles-2024.webp","type":"image\/webp"}],"author":"Hanta Laporte","twitter_card":"summary_large_image","twitter_misc":{"Written by":"Hanta Laporte","Est. reading time":"3 minutes"},"schema":{"@context":"https:\/\/schema.org","@graph":[{"@type":"Article","@id":"https:\/\/www.tresordepices.fr\/salon-du-chocolat-paris\/#article","isPartOf":{"@id":"https:\/\/www.tresordepices.fr\/salon-du-chocolat-paris\/"},"author":{"name":"Hanta Laporte","@id":"https:\/\/www.tresordepices.fr\/#\/schema\/person\/7187fdc639b924743f2de4db18e41c66"},"headline":"Salon du Chocolat et de la P\u00e2tisserie Paris, 75","datePublished":"2024-11-16T18:01:54+00:00","dateModified":"2024-12-01T16:44:18+00:00","mainEntityOfPage":{"@id":"https:\/\/www.tresordepices.fr\/salon-du-chocolat-paris\/"},"wordCount":51,"commentCount":0,"publisher":{"@id":"https:\/\/www.tresordepices.fr\/#organization"},"image":{"@id":"https:\/\/www.tresordepices.fr\/salon-du-chocolat-paris\/#primaryimage"},"thumbnailUrl":"https:\/\/www.tresordepices.fr\/wp-content\/uploads\/2024\/11\/salon-du-chocolat-paris-porte-de-versailles-2024.webp","articleSection":["\u00c9v\u00e8nement"],"inLanguage":"en-US","potentialAction":[{"@type":"CommentAction","name":"Comment","target":["https:\/\/www.tresordepices.fr\/salon-du-chocolat-paris\/#respond"]}]},{"@type":"WebPage","@id":"https:\/\/www.tresordepices.fr\/salon-du-chocolat-paris\/","url":"https:\/\/www.tresordepices.fr\/salon-du-chocolat-paris\/","name":"Salon du Chocolat et de la P\u00e2tisserie Paris, 75 | Tr\u00e9sor d&#039;\u00c9pices","isPartOf":{"@id":"https:\/\/www.tresordepices.fr\/#website"},"primaryImageOfPage":{"@id":"https:\/\/www.tresordepices.fr\/salon-du-chocolat-paris\/#primaryimage"},"image":{"@id":"https:\/\/www.tresordepices.fr\/salon-du-chocolat-paris\/#primaryimage"},"thumbnailUrl":"https:\/\/www.tresordepices.fr\/wp-content\/uploads\/2024\/11\/salon-du-chocolat-paris-porte-de-versailles-2024.webp","datePublished":"2024-11-16T18:01:54+00:00","dateModified":"2024-12-01T16:44:18+00:00","breadcrumb":{"@id":"https:\/\/www.tresordepices.fr\/salon-du-chocolat-paris\/#breadcrumb"},"inLanguage":"en-US","potentialAction":[{"@type":"ReadAction","target":["https:\/\/www.tresordepices.fr\/salon-du-chocolat-paris\/"]}]},{"@type":"ImageObject","inLanguage":"en-US","@id":"https:\/\/www.tresordepices.fr\/salon-du-chocolat-paris\/#primaryimage","url":"https:\/\/www.tresordepices.fr\/wp-content\/uploads\/2024\/11\/salon-du-chocolat-paris-porte-de-versailles-2024.webp","contentUrl":"https:\/\/www.tresordepices.fr\/wp-content\/uploads\/2024\/11\/salon-du-chocolat-paris-porte-de-versailles-2024.webp","width":413,"height":465,"caption":"Salon du chocolat et de la patisserie Paris 2024"},{"@type":"BreadcrumbList","@id":"https:\/\/www.tresordepices.fr\/salon-du-chocolat-paris\/#breadcrumb","itemListElement":[{"@type":"ListItem","position":1,"name":"Accueil","item":"https:\/\/www.tresordepices.fr\/"},{"@type":"ListItem","position":2,"name":"Salon du Chocolat et de la P\u00e2tisserieParis, 75"}]},{"@type":"WebSite","@id":"https:\/\/www.tresordepices.fr\/#website","url":"https:\/\/www.tresordepices.fr\/","name":"Tr\u00e9sor d&#039;\u00c9pices","description":"Vanille bourbon et \u00e9pices de Madagascar","publisher":{"@id":"https:\/\/www.tresordepices.fr\/#organization"},"potentialAction":[{"@type":"SearchAction","target":{"@type":"EntryPoint","urlTemplate":"https:\/\/www.tresordepices.fr\/?s={search_term_string}"},"query-input":{"@type":"PropertyValueSpecification","valueRequired":true,"valueName":"search_term_string"}}],"inLanguage":"en-US"},{"@type":"Organization","@id":"https:\/\/www.tresordepices.fr\/#organization","name":"Tr\u00e9sor d&#039;\u00c9pices","url":"https:\/\/www.tresordepices.fr\/","logo":{"@type":"ImageObject","inLanguage":"en-US","@id":"https:\/\/www.tresordepices.fr\/#\/schema\/logo\/image\/","url":"https:\/\/www.tresordepices.fr\/wp-content\/uploads\/2022\/01\/TdE_logo.png","contentUrl":"https:\/\/www.tresordepices.fr\/wp-content\/uploads\/2022\/01\/TdE_logo.png","width":582,"height":269,"caption":"Tr\u00e9sor d&#039;\u00c9pices"},"image":{"@id":"https:\/\/www.tresordepices.fr\/#\/schema\/logo\/image\/"}},{"@type":"Person","@id":"https:\/\/www.tresordepices.fr\/#\/schema\/person\/7187fdc639b924743f2de4db18e41c66","name":"Hanta Laporte","image":{"@type":"ImageObject","inLanguage":"en-US","@id":"https:\/\/www.tresordepices.fr\/#\/schema\/person\/image\/","url":"https:\/\/secure.gravatar.com\/avatar\/29a930236beae9eed81d6aa3ea4d47bae893e529af272a1af93f1fb7760fa365?s=96&d=mm&r=g","contentUrl":"https:\/\/secure.gravatar.com\/avatar\/29a930236beae9eed81d6aa3ea4d47bae893e529af272a1af93f1fb7760fa365?s=96&d=mm&r=g","caption":"Hanta Laporte"},"url":"https:\/\/www.tresordepices.fr\/en\/author\/hanta\/"}]}},"_links":{"self":[{"href":"https:\/\/www.tresordepices.fr\/en\/wp-json\/wp\/v2\/posts\/2039","targetHints":{"allow":["GET"]}}],"collection":[{"href":"https:\/\/www.tresordepices.fr\/en\/wp-json\/wp\/v2\/posts"}],"about":[{"href":"https:\/\/www.tresordepices.fr\/en\/wp-json\/wp\/v2\/types\/post"}],"author":[{"embeddable":true,"href":"https:\/\/www.tresordepices.fr\/en\/wp-json\/wp\/v2\/users\/2"}],"replies":[{"embeddable":true,"href":"https:\/\/www.tresordepices.fr\/en\/wp-json\/wp\/v2\/comments?post=2039"}],"version-history":[{"count":48,"href":"https:\/\/www.tresordepices.fr\/en\/wp-json\/wp\/v2\/posts\/2039\/revisions"}],"predecessor-version":[{"id":3568,"href":"https:\/\/www.tresordepices.fr\/en\/wp-json\/wp\/v2\/posts\/2039\/revisions\/3568"}],"wp:featuredmedia":[{"embeddable":true,"href":"https:\/\/www.tresordepices.fr\/en\/wp-json\/wp\/v2\/media\/2885"}],"wp:attachment":[{"href":"https:\/\/www.tresordepices.fr\/en\/wp-json\/wp\/v2\/media?parent=2039"}],"wp:term":[{"taxonomy":"category","embeddable":true,"href":"https:\/\/www.tresordepices.fr\/en\/wp-json\/wp\/v2\/categories?post=2039"},{"taxonomy":"post_tag","embeddable":true,"href":"https:\/\/www.tresordepices.fr\/en\/wp-json\/wp\/v2\/tags?post=2039"}],"curies":[{"name":"wp","href":"https:\/\/api.w.org\/{rel}","templated":true}]}}