{"id":3280,"date":"2024-11-16T19:59:13","date_gmt":"2024-11-16T18:59:13","guid":{"rendered":"https:\/\/www.tresordepices.fr\/?p=3280"},"modified":"2024-12-01T20:28:15","modified_gmt":"2024-12-01T19:28:15","slug":"10eme-salon-de-producteurs-viry","status":"publish","type":"post","link":"https:\/\/www.tresordepices.fr\/en\/10eme-salon-de-producteurs-viry\/","title":{"rendered":"Salon de producteurs et produits du terroir<br>Viry, 74"},"content":{"rendered":"<div data-elementor-type=\"wp-post\" data-elementor-id=\"3280\" class=\"elementor elementor-3280\">\n\t\t\t\t\t\t<section class=\"elementor-section elementor-top-section elementor-element elementor-element-d675b69 elementor-section-boxed elementor-section-height-default elementor-section-height-default\" data-id=\"d675b69\" data-element_type=\"section\" data-e-type=\"section\">\n\t\t\t\t\t\t<div class=\"elementor-container elementor-column-gap-default\">\n\t\t\t\t\t<div class=\"elementor-column elementor-col-100 elementor-top-column elementor-element elementor-element-cd93cd9\" data-id=\"cd93cd9\" data-element_type=\"column\" data-e-type=\"column\">\n\t\t\t<div class=\"elementor-widget-wrap elementor-element-populated\">\n\t\t\t\t\t\t<div class=\"elementor-element elementor-element-f08d283 elementor-widget elementor-widget-image\" data-id=\"f08d283\" data-element_type=\"widget\" data-e-type=\"widget\" data-widget_type=\"image.default\">\n\t\t\t\t<div class=\"elementor-widget-container\">\n\t\t\t\t\t\t\t\t\t\t\t\t\t\t\t<img fetchpriority=\"high\" decoding=\"async\" width=\"900\" height=\"587\" src=\"https:\/\/www.tresordepices.fr\/wp-content\/uploads\/2024\/11\/10eme_edition_vins_terroir_affiche.jpg\" class=\"attachment-large size-large wp-image-3281\" alt=\"Salon de producteurs vins et produits du terroir\" srcset=\"https:\/\/www.tresordepices.fr\/wp-content\/uploads\/2024\/11\/10eme_edition_vins_terroir_affiche.jpg 976w, https:\/\/www.tresordepices.fr\/wp-content\/uploads\/2024\/11\/10eme_edition_vins_terroir_affiche-300x196.jpg 300w, https:\/\/www.tresordepices.fr\/wp-content\/uploads\/2024\/11\/10eme_edition_vins_terroir_affiche-768x501.jpg 768w, https:\/\/www.tresordepices.fr\/wp-content\/uploads\/2024\/11\/10eme_edition_vins_terroir_affiche-950x620.jpg 950w, https:\/\/www.tresordepices.fr\/wp-content\/uploads\/2024\/11\/10eme_edition_vins_terroir_affiche-600x392.jpg 600w\" sizes=\"(max-width: 900px) 100vw, 900px\" \/>\t\t\t\t\t\t\t\t\t\t\t\t\t\t\t<\/div>\n\t\t\t\t<\/div>\n\t\t\t\t\t<\/div>\n\t\t<\/div>\n\t\t\t\t\t<\/div>\n\t\t<\/section>\n\t\t\t\t<section class=\"elementor-section elementor-top-section elementor-element elementor-element-359ea07 elementor-section-boxed elementor-section-height-default elementor-section-height-default\" data-id=\"359ea07\" data-element_type=\"section\" data-e-type=\"section\">\n\t\t\t\t\t\t<div class=\"elementor-container elementor-column-gap-default\">\n\t\t\t\t\t<div class=\"elementor-column elementor-col-100 elementor-top-column elementor-element elementor-element-c033358\" data-id=\"c033358\" data-element_type=\"column\" data-e-type=\"column\">\n\t\t\t<div class=\"elementor-widget-wrap elementor-element-populated\">\n\t\t\t\t\t\t<div class=\"elementor-element elementor-element-7e66e07 elementor-widget elementor-widget-text-editor\" data-id=\"7e66e07\" data-element_type=\"widget\" data-e-type=\"widget\" data-widget_type=\"text-editor.default\">\n\t\t\t\t<div class=\"elementor-widget-container\">\n\t\t\t\t\t\t\t\t\t<p>The Toussanime association went above and beyond to celebrate the 10th Wine and Local Products Fair from November 22 to 24, 2024, in Viry. Loyal exhibitors showed up in force, knowledgeable visitors came in large numbers, the catering was impeccable, and the Saturday evening event along with the overall atmosphere was very friendly. All the right ingredients for a successful event! See you next year!<\/p>\t\t\t\t\t\t\t\t<\/div>\n\t\t\t\t<\/div>\n\t\t\t\t\t<\/div>\n\t\t<\/div>\n\t\t\t\t\t<\/div>\n\t\t<\/section>\n\t\t\t\t<section class=\"elementor-section elementor-top-section elementor-element elementor-element-bc01b7b elementor-section-boxed elementor-section-height-default elementor-section-height-default\" data-id=\"bc01b7b\" data-element_type=\"section\" data-e-type=\"section\">\n\t\t\t\t\t\t<div class=\"elementor-container elementor-column-gap-default\">\n\t\t\t\t\t<div class=\"elementor-column elementor-col-100 elementor-top-column elementor-element elementor-element-3d67843\" data-id=\"3d67843\" data-element_type=\"column\" data-e-type=\"column\">\n\t\t\t<div class=\"elementor-widget-wrap elementor-element-populated\">\n\t\t\t\t\t\t<div class=\"elementor-element elementor-element-aacb1e7 elementor-arrows-position-inside elementor-pagination-position-outside elementor-widget elementor-widget-image-carousel\" data-id=\"aacb1e7\" data-element_type=\"widget\" data-e-type=\"widget\" data-settings=\"{&quot;slides_to_show&quot;:&quot;3&quot;,&quot;image_spacing_custom&quot;:{&quot;unit&quot;:&quot;px&quot;,&quot;size&quot;:10,&quot;sizes&quot;:[]},&quot;slides_to_scroll&quot;:&quot;1&quot;,&quot;navigation&quot;:&quot;both&quot;,&quot;autoplay&quot;:&quot;yes&quot;,&quot;pause_on_hover&quot;:&quot;yes&quot;,&quot;pause_on_interaction&quot;:&quot;yes&quot;,&quot;autoplay_speed&quot;:5000,&quot;infinite&quot;:&quot;yes&quot;,&quot;speed&quot;:500,&quot;image_spacing_custom_tablet&quot;:{&quot;unit&quot;:&quot;px&quot;,&quot;size&quot;:&quot;&quot;,&quot;sizes&quot;:[]},&quot;image_spacing_custom_mobile&quot;:{&quot;unit&quot;:&quot;px&quot;,&quot;size&quot;:&quot;&quot;,&quot;sizes&quot;:[]}}\" data-widget_type=\"image-carousel.default\">\n\t\t\t\t<div class=\"elementor-widget-container\">\n\t\t\t\t\t\t\t<div class=\"elementor-image-carousel-wrapper swiper\" role=\"region\" aria-roledescription=\"carousel\" aria-label=\"Carrousel d\u2019images\" dir=\"ltr\">\n\t\t\t<div class=\"elementor-image-carousel swiper-wrapper\" aria-live=\"off\">\n\t\t\t\t\t\t\t\t<div class=\"swiper-slide\" role=\"group\" aria-roledescription=\"slide\" aria-label=\"1 sur 5\"><figure class=\"swiper-slide-inner\"><img decoding=\"async\" class=\"swiper-slide-image\" src=\"https:\/\/www.tresordepices.fr\/wp-content\/uploads\/2024\/12\/Viry_202411_5-1-300x300.jpg\" alt=\"Viry_202411_5\" \/><\/figure><\/div><div class=\"swiper-slide\" role=\"group\" aria-roledescription=\"slide\" aria-label=\"2 sur 5\"><figure class=\"swiper-slide-inner\"><img decoding=\"async\" class=\"swiper-slide-image\" src=\"https:\/\/www.tresordepices.fr\/wp-content\/uploads\/2024\/12\/Viry_202411_1-1-300x300.jpg\" alt=\"Viry_202411_1\" \/><\/figure><\/div><div class=\"swiper-slide\" role=\"group\" aria-roledescription=\"slide\" aria-label=\"3 sur 5\"><figure class=\"swiper-slide-inner\"><img decoding=\"async\" class=\"swiper-slide-image\" src=\"https:\/\/www.tresordepices.fr\/wp-content\/uploads\/2024\/12\/Viry_202411_2-1-300x300.jpg\" alt=\"Viry_202411_2\" \/><\/figure><\/div><div class=\"swiper-slide\" role=\"group\" aria-roledescription=\"slide\" aria-label=\"4 sur 5\"><figure class=\"swiper-slide-inner\"><img decoding=\"async\" class=\"swiper-slide-image\" src=\"https:\/\/www.tresordepices.fr\/wp-content\/uploads\/2024\/12\/Viry_202411_3-1-300x300.jpg\" alt=\"Viry_202411_3\" \/><\/figure><\/div><div class=\"swiper-slide\" role=\"group\" aria-roledescription=\"slide\" aria-label=\"5 sur 5\"><figure class=\"swiper-slide-inner\"><img decoding=\"async\" class=\"swiper-slide-image\" src=\"https:\/\/www.tresordepices.fr\/wp-content\/uploads\/2024\/12\/Viry_202411_4-1-300x300.jpg\" alt=\"Viry_202411_4\" \/><\/figure><\/div>\t\t\t<\/div>\n\t\t\t\t\t\t\t\t\t\t\t\t<div class=\"elementor-swiper-button elementor-swiper-button-prev\" role=\"button\" tabindex=\"0\">\n\t\t\t\t\t\t<i aria-hidden=\"true\" class=\"eicon-chevron-left\"><\/i>\t\t\t\t\t<\/div>\n\t\t\t\t\t<div class=\"elementor-swiper-button elementor-swiper-button-next\" role=\"button\" tabindex=\"0\">\n\t\t\t\t\t\t<i aria-hidden=\"true\" class=\"eicon-chevron-right\"><\/i>\t\t\t\t\t<\/div>\n\t\t\t\t\n\t\t\t\t\t\t\t\t\t<div class=\"swiper-pagination\"><\/div>\n\t\t\t\t\t\t\t\t\t<\/div>\n\t\t\t\t\t\t<\/div>\n\t\t\t\t<\/div>\n\t\t\t\t\t<\/div>\n\t\t<\/div>\n\t\t\t\t\t<\/div>\n\t\t<\/section>\n\t\t\t\t<\/div>","protected":false},"excerpt":{"rendered":"<p>Evenement rassemblant tous les producteurs locaux.<\/p>","protected":false},"author":1,"featured_media":3281,"comment_status":"closed","ping_status":"open","sticky":false,"template":"","format":"standard","meta":{"_acf_changed":false,"footnotes":""},"categories":[39],"tags":[],"class_list":["post-3280","post","type-post","status-publish","format-standard","has-post-thumbnail","hentry","category-evenement"],"acf":[],"yoast_head":"<!-- This site is optimized with the Yoast SEO plugin v26.2 - https:\/\/yoast.com\/wordpress\/plugins\/seo\/ -->\n<title>Salon de producteurs et produits du terroirViry, 74 | Tr\u00e9sor d&#039;\u00c9pices<\/title>\n<meta name=\"robots\" content=\"index, follow, max-snippet:-1, max-image-preview:large, max-video-preview:-1\" \/>\n<link rel=\"canonical\" href=\"https:\/\/www.tresordepices.fr\/en\/10eme-salon-de-producteurs-viry\/\" \/>\n<meta property=\"og:locale\" content=\"en_US\" \/>\n<meta property=\"og:type\" content=\"article\" \/>\n<meta property=\"og:title\" content=\"Salon de producteurs et produits du terroirViry, 74 | Tr\u00e9sor d&#039;\u00c9pices\" \/>\n<meta property=\"og:description\" content=\"Evenement rassemblant tous les producteurs locaux.\" \/>\n<meta property=\"og:url\" content=\"https:\/\/www.tresordepices.fr\/en\/10eme-salon-de-producteurs-viry\/\" \/>\n<meta property=\"og:site_name\" content=\"Tr\u00e9sor d&#039;\u00c9pices\" \/>\n<meta property=\"article:published_time\" content=\"2024-11-16T18:59:13+00:00\" \/>\n<meta property=\"article:modified_time\" content=\"2024-12-01T19:28:15+00:00\" \/>\n<meta property=\"og:image\" content=\"https:\/\/www.tresordepices.fr\/wp-content\/uploads\/2024\/11\/10eme_edition_vins_terroir_affiche.jpg\" \/>\n\t<meta property=\"og:image:width\" content=\"976\" \/>\n\t<meta property=\"og:image:height\" content=\"637\" \/>\n\t<meta property=\"og:image:type\" content=\"image\/jpeg\" \/>\n<meta name=\"author\" content=\"L&#039;\u00e9quipe Tr\u00e9sor d&#039;\u00c9pices\" \/>\n<meta name=\"twitter:card\" content=\"summary_large_image\" \/>\n<meta name=\"twitter:label1\" content=\"Written by\" \/>\n\t<meta name=\"twitter:data1\" content=\"L&#039;\u00e9quipe Tr\u00e9sor d&#039;\u00c9pices\" \/>\n\t<meta name=\"twitter:label2\" content=\"Est. reading time\" \/>\n\t<meta name=\"twitter:data2\" content=\"3 minutes\" \/>\n<script type=\"application\/ld+json\" class=\"yoast-schema-graph\">{\"@context\":\"https:\/\/schema.org\",\"@graph\":[{\"@type\":\"Article\",\"@id\":\"https:\/\/www.tresordepices.fr\/10eme-salon-de-producteurs-viry\/#article\",\"isPartOf\":{\"@id\":\"https:\/\/www.tresordepices.fr\/10eme-salon-de-producteurs-viry\/\"},\"author\":{\"name\":\"L'\u00e9quipe Tr\u00e9sor d'\u00c9pices\",\"@id\":\"https:\/\/www.tresordepices.fr\/#\/schema\/person\/beb2fe77b5895295538daa42faaeacdf\"},\"headline\":\"Salon de producteurs et produits du terroir Viry, 74\",\"datePublished\":\"2024-11-16T18:59:13+00:00\",\"dateModified\":\"2024-12-01T19:28:15+00:00\",\"mainEntityOfPage\":{\"@id\":\"https:\/\/www.tresordepices.fr\/10eme-salon-de-producteurs-viry\/\"},\"wordCount\":76,\"publisher\":{\"@id\":\"https:\/\/www.tresordepices.fr\/#organization\"},\"image\":{\"@id\":\"https:\/\/www.tresordepices.fr\/10eme-salon-de-producteurs-viry\/#primaryimage\"},\"thumbnailUrl\":\"https:\/\/www.tresordepices.fr\/wp-content\/uploads\/2024\/11\/10eme_edition_vins_terroir_affiche.jpg\",\"articleSection\":[\"\u00c9v\u00e8nement\"],\"inLanguage\":\"en-US\"},{\"@type\":\"WebPage\",\"@id\":\"https:\/\/www.tresordepices.fr\/10eme-salon-de-producteurs-viry\/\",\"url\":\"https:\/\/www.tresordepices.fr\/10eme-salon-de-producteurs-viry\/\",\"name\":\"Salon de producteurs et produits du terroir Viry, 74 | Tr\u00e9sor d&#039;\u00c9pices\",\"isPartOf\":{\"@id\":\"https:\/\/www.tresordepices.fr\/#website\"},\"primaryImageOfPage\":{\"@id\":\"https:\/\/www.tresordepices.fr\/10eme-salon-de-producteurs-viry\/#primaryimage\"},\"image\":{\"@id\":\"https:\/\/www.tresordepices.fr\/10eme-salon-de-producteurs-viry\/#primaryimage\"},\"thumbnailUrl\":\"https:\/\/www.tresordepices.fr\/wp-content\/uploads\/2024\/11\/10eme_edition_vins_terroir_affiche.jpg\",\"datePublished\":\"2024-11-16T18:59:13+00:00\",\"dateModified\":\"2024-12-01T19:28:15+00:00\",\"breadcrumb\":{\"@id\":\"https:\/\/www.tresordepices.fr\/10eme-salon-de-producteurs-viry\/#breadcrumb\"},\"inLanguage\":\"en-US\",\"potentialAction\":[{\"@type\":\"ReadAction\",\"target\":[\"https:\/\/www.tresordepices.fr\/10eme-salon-de-producteurs-viry\/\"]}]},{\"@type\":\"ImageObject\",\"inLanguage\":\"en-US\",\"@id\":\"https:\/\/www.tresordepices.fr\/10eme-salon-de-producteurs-viry\/#primaryimage\",\"url\":\"https:\/\/www.tresordepices.fr\/wp-content\/uploads\/2024\/11\/10eme_edition_vins_terroir_affiche.jpg\",\"contentUrl\":\"https:\/\/www.tresordepices.fr\/wp-content\/uploads\/2024\/11\/10eme_edition_vins_terroir_affiche.jpg\",\"width\":976,\"height\":637,\"caption\":\"Salon de producteurs vins et produits du terroir\"},{\"@type\":\"BreadcrumbList\",\"@id\":\"https:\/\/www.tresordepices.fr\/10eme-salon-de-producteurs-viry\/#breadcrumb\",\"itemListElement\":[{\"@type\":\"ListItem\",\"position\":1,\"name\":\"Accueil\",\"item\":\"https:\/\/www.tresordepices.fr\/\"},{\"@type\":\"ListItem\",\"position\":2,\"name\":\"Salon de producteurs et produits du terroirViry, 74\"}]},{\"@type\":\"WebSite\",\"@id\":\"https:\/\/www.tresordepices.fr\/#website\",\"url\":\"https:\/\/www.tresordepices.fr\/\",\"name\":\"Tr\u00e9sor d&#039;\u00c9pices\",\"description\":\"Vanille bourbon et \u00e9pices de Madagascar\",\"publisher\":{\"@id\":\"https:\/\/www.tresordepices.fr\/#organization\"},\"potentialAction\":[{\"@type\":\"SearchAction\",\"target\":{\"@type\":\"EntryPoint\",\"urlTemplate\":\"https:\/\/www.tresordepices.fr\/?s={search_term_string}\"},\"query-input\":{\"@type\":\"PropertyValueSpecification\",\"valueRequired\":true,\"valueName\":\"search_term_string\"}}],\"inLanguage\":\"en-US\"},{\"@type\":\"Organization\",\"@id\":\"https:\/\/www.tresordepices.fr\/#organization\",\"name\":\"Tr\u00e9sor d&#039;\u00c9pices\",\"url\":\"https:\/\/www.tresordepices.fr\/\",\"logo\":{\"@type\":\"ImageObject\",\"inLanguage\":\"en-US\",\"@id\":\"https:\/\/www.tresordepices.fr\/#\/schema\/logo\/image\/\",\"url\":\"https:\/\/www.tresordepices.fr\/wp-content\/uploads\/2022\/01\/TdE_logo.png\",\"contentUrl\":\"https:\/\/www.tresordepices.fr\/wp-content\/uploads\/2022\/01\/TdE_logo.png\",\"width\":582,\"height\":269,\"caption\":\"Tr\u00e9sor d&#039;\u00c9pices\"},\"image\":{\"@id\":\"https:\/\/www.tresordepices.fr\/#\/schema\/logo\/image\/\"}},{\"@type\":\"Person\",\"@id\":\"https:\/\/www.tresordepices.fr\/#\/schema\/person\/beb2fe77b5895295538daa42faaeacdf\",\"name\":\"L'\u00e9quipe Tr\u00e9sor d'\u00c9pices\",\"image\":{\"@type\":\"ImageObject\",\"inLanguage\":\"en-US\",\"@id\":\"https:\/\/www.tresordepices.fr\/#\/schema\/person\/image\/\",\"url\":\"https:\/\/secure.gravatar.com\/avatar\/65390a7d233eeb1454dd25d4fdfa73b9f4d18dfbb443a9869227a541019033cd?s=96&d=mm&r=g\",\"contentUrl\":\"https:\/\/secure.gravatar.com\/avatar\/65390a7d233eeb1454dd25d4fdfa73b9f4d18dfbb443a9869227a541019033cd?s=96&d=mm&r=g\",\"caption\":\"L'\u00e9quipe Tr\u00e9sor d'\u00c9pices\"},\"sameAs\":[\"https:\/\/www.tresordepices.fr\"],\"url\":\"https:\/\/www.tresordepices.fr\/en\/author\/tde\/\"}]}<\/script>\n<!-- \/ Yoast SEO plugin. -->","yoast_head_json":{"title":"Salon de producteurs et produits du terroirViry, 74 | Tr\u00e9sor d&#039;\u00c9pices","robots":{"index":"index","follow":"follow","max-snippet":"max-snippet:-1","max-image-preview":"max-image-preview:large","max-video-preview":"max-video-preview:-1"},"canonical":"https:\/\/www.tresordepices.fr\/en\/10eme-salon-de-producteurs-viry\/","og_locale":"en_US","og_type":"article","og_title":"Salon de producteurs et produits du terroirViry, 74 | Tr\u00e9sor d&#039;\u00c9pices","og_description":"Evenement rassemblant tous les producteurs locaux.","og_url":"https:\/\/www.tresordepices.fr\/en\/10eme-salon-de-producteurs-viry\/","og_site_name":"Tr\u00e9sor d&#039;\u00c9pices","article_published_time":"2024-11-16T18:59:13+00:00","article_modified_time":"2024-12-01T19:28:15+00:00","og_image":[{"width":976,"height":637,"url":"https:\/\/www.tresordepices.fr\/wp-content\/uploads\/2024\/11\/10eme_edition_vins_terroir_affiche.jpg","type":"image\/jpeg"}],"author":"L'\u00e9quipe Tr\u00e9sor d'\u00c9pices","twitter_card":"summary_large_image","twitter_misc":{"Written by":"L'\u00e9quipe Tr\u00e9sor d'\u00c9pices","Est. reading time":"3 minutes"},"schema":{"@context":"https:\/\/schema.org","@graph":[{"@type":"Article","@id":"https:\/\/www.tresordepices.fr\/10eme-salon-de-producteurs-viry\/#article","isPartOf":{"@id":"https:\/\/www.tresordepices.fr\/10eme-salon-de-producteurs-viry\/"},"author":{"name":"L'\u00e9quipe Tr\u00e9sor d'\u00c9pices","@id":"https:\/\/www.tresordepices.fr\/#\/schema\/person\/beb2fe77b5895295538daa42faaeacdf"},"headline":"Salon de producteurs et produits du terroir Viry, 74","datePublished":"2024-11-16T18:59:13+00:00","dateModified":"2024-12-01T19:28:15+00:00","mainEntityOfPage":{"@id":"https:\/\/www.tresordepices.fr\/10eme-salon-de-producteurs-viry\/"},"wordCount":76,"publisher":{"@id":"https:\/\/www.tresordepices.fr\/#organization"},"image":{"@id":"https:\/\/www.tresordepices.fr\/10eme-salon-de-producteurs-viry\/#primaryimage"},"thumbnailUrl":"https:\/\/www.tresordepices.fr\/wp-content\/uploads\/2024\/11\/10eme_edition_vins_terroir_affiche.jpg","articleSection":["\u00c9v\u00e8nement"],"inLanguage":"en-US"},{"@type":"WebPage","@id":"https:\/\/www.tresordepices.fr\/10eme-salon-de-producteurs-viry\/","url":"https:\/\/www.tresordepices.fr\/10eme-salon-de-producteurs-viry\/","name":"Salon de producteurs et produits du terroir Viry, 74 | Tr\u00e9sor d&#039;\u00c9pices","isPartOf":{"@id":"https:\/\/www.tresordepices.fr\/#website"},"primaryImageOfPage":{"@id":"https:\/\/www.tresordepices.fr\/10eme-salon-de-producteurs-viry\/#primaryimage"},"image":{"@id":"https:\/\/www.tresordepices.fr\/10eme-salon-de-producteurs-viry\/#primaryimage"},"thumbnailUrl":"https:\/\/www.tresordepices.fr\/wp-content\/uploads\/2024\/11\/10eme_edition_vins_terroir_affiche.jpg","datePublished":"2024-11-16T18:59:13+00:00","dateModified":"2024-12-01T19:28:15+00:00","breadcrumb":{"@id":"https:\/\/www.tresordepices.fr\/10eme-salon-de-producteurs-viry\/#breadcrumb"},"inLanguage":"en-US","potentialAction":[{"@type":"ReadAction","target":["https:\/\/www.tresordepices.fr\/10eme-salon-de-producteurs-viry\/"]}]},{"@type":"ImageObject","inLanguage":"en-US","@id":"https:\/\/www.tresordepices.fr\/10eme-salon-de-producteurs-viry\/#primaryimage","url":"https:\/\/www.tresordepices.fr\/wp-content\/uploads\/2024\/11\/10eme_edition_vins_terroir_affiche.jpg","contentUrl":"https:\/\/www.tresordepices.fr\/wp-content\/uploads\/2024\/11\/10eme_edition_vins_terroir_affiche.jpg","width":976,"height":637,"caption":"Salon de producteurs vins et produits du terroir"},{"@type":"BreadcrumbList","@id":"https:\/\/www.tresordepices.fr\/10eme-salon-de-producteurs-viry\/#breadcrumb","itemListElement":[{"@type":"ListItem","position":1,"name":"Accueil","item":"https:\/\/www.tresordepices.fr\/"},{"@type":"ListItem","position":2,"name":"Salon de producteurs et produits du terroirViry, 74"}]},{"@type":"WebSite","@id":"https:\/\/www.tresordepices.fr\/#website","url":"https:\/\/www.tresordepices.fr\/","name":"Tr\u00e9sor d&#039;\u00c9pices","description":"Vanille bourbon et \u00e9pices de Madagascar","publisher":{"@id":"https:\/\/www.tresordepices.fr\/#organization"},"potentialAction":[{"@type":"SearchAction","target":{"@type":"EntryPoint","urlTemplate":"https:\/\/www.tresordepices.fr\/?s={search_term_string}"},"query-input":{"@type":"PropertyValueSpecification","valueRequired":true,"valueName":"search_term_string"}}],"inLanguage":"en-US"},{"@type":"Organization","@id":"https:\/\/www.tresordepices.fr\/#organization","name":"Tr\u00e9sor d&#039;\u00c9pices","url":"https:\/\/www.tresordepices.fr\/","logo":{"@type":"ImageObject","inLanguage":"en-US","@id":"https:\/\/www.tresordepices.fr\/#\/schema\/logo\/image\/","url":"https:\/\/www.tresordepices.fr\/wp-content\/uploads\/2022\/01\/TdE_logo.png","contentUrl":"https:\/\/www.tresordepices.fr\/wp-content\/uploads\/2022\/01\/TdE_logo.png","width":582,"height":269,"caption":"Tr\u00e9sor d&#039;\u00c9pices"},"image":{"@id":"https:\/\/www.tresordepices.fr\/#\/schema\/logo\/image\/"}},{"@type":"Person","@id":"https:\/\/www.tresordepices.fr\/#\/schema\/person\/beb2fe77b5895295538daa42faaeacdf","name":"L'\u00e9quipe Tr\u00e9sor d'\u00c9pices","image":{"@type":"ImageObject","inLanguage":"en-US","@id":"https:\/\/www.tresordepices.fr\/#\/schema\/person\/image\/","url":"https:\/\/secure.gravatar.com\/avatar\/65390a7d233eeb1454dd25d4fdfa73b9f4d18dfbb443a9869227a541019033cd?s=96&d=mm&r=g","contentUrl":"https:\/\/secure.gravatar.com\/avatar\/65390a7d233eeb1454dd25d4fdfa73b9f4d18dfbb443a9869227a541019033cd?s=96&d=mm&r=g","caption":"L'\u00e9quipe Tr\u00e9sor d'\u00c9pices"},"sameAs":["https:\/\/www.tresordepices.fr"],"url":"https:\/\/www.tresordepices.fr\/en\/author\/tde\/"}]}},"_links":{"self":[{"href":"https:\/\/www.tresordepices.fr\/en\/wp-json\/wp\/v2\/posts\/3280","targetHints":{"allow":["GET"]}}],"collection":[{"href":"https:\/\/www.tresordepices.fr\/en\/wp-json\/wp\/v2\/posts"}],"about":[{"href":"https:\/\/www.tresordepices.fr\/en\/wp-json\/wp\/v2\/types\/post"}],"author":[{"embeddable":true,"href":"https:\/\/www.tresordepices.fr\/en\/wp-json\/wp\/v2\/users\/1"}],"replies":[{"embeddable":true,"href":"https:\/\/www.tresordepices.fr\/en\/wp-json\/wp\/v2\/comments?post=3280"}],"version-history":[{"count":19,"href":"https:\/\/www.tresordepices.fr\/en\/wp-json\/wp\/v2\/posts\/3280\/revisions"}],"predecessor-version":[{"id":3596,"href":"https:\/\/www.tresordepices.fr\/en\/wp-json\/wp\/v2\/posts\/3280\/revisions\/3596"}],"wp:featuredmedia":[{"embeddable":true,"href":"https:\/\/www.tresordepices.fr\/en\/wp-json\/wp\/v2\/media\/3281"}],"wp:attachment":[{"href":"https:\/\/www.tresordepices.fr\/en\/wp-json\/wp\/v2\/media?parent=3280"}],"wp:term":[{"taxonomy":"category","embeddable":true,"href":"https:\/\/www.tresordepices.fr\/en\/wp-json\/wp\/v2\/categories?post=3280"},{"taxonomy":"post_tag","embeddable":true,"href":"https:\/\/www.tresordepices.fr\/en\/wp-json\/wp\/v2\/tags?post=3280"}],"curies":[{"name":"wp","href":"https:\/\/api.w.org\/{rel}","templated":true}]}}