{"id":4139,"date":"2025-04-10T15:25:30","date_gmt":"2025-04-10T13:25:30","guid":{"rendered":"https:\/\/www.tresordepices.fr\/?p=4139"},"modified":"2025-04-20T18:34:05","modified_gmt":"2025-04-20T16:34:05","slug":"festival-des-terroirs-2025lyon-69","status":"publish","type":"post","link":"https:\/\/www.tresordepices.fr\/en\/festival-des-terroirs-2025lyon-69\/","title":{"rendered":"Festival des terroirs 2025<br>Lyon, 69<br>April 11 to 13, 2025"},"content":{"rendered":"<div data-elementor-type=\"wp-post\" data-elementor-id=\"4139\" class=\"elementor elementor-4139\">\n\t\t\t\t\t\t<section class=\"elementor-section elementor-top-section elementor-element elementor-element-c0b4632 elementor-section-boxed elementor-section-height-default elementor-section-height-default\" data-id=\"c0b4632\" data-element_type=\"section\" data-e-type=\"section\">\n\t\t\t\t\t\t<div class=\"elementor-container elementor-column-gap-default\">\n\t\t\t\t\t<div class=\"elementor-column elementor-col-100 elementor-top-column elementor-element elementor-element-48f7877\" data-id=\"48f7877\" data-element_type=\"column\" data-e-type=\"column\">\n\t\t\t<div class=\"elementor-widget-wrap elementor-element-populated\">\n\t\t\t\t\t\t<div class=\"elementor-element elementor-element-07d2388 elementor-widget elementor-widget-image\" data-id=\"07d2388\" data-element_type=\"widget\" data-e-type=\"widget\" data-widget_type=\"image.default\">\n\t\t\t\t<div class=\"elementor-widget-container\">\n\t\t\t\t\t\t\t\t\t\t\t\t\t\t\t<img fetchpriority=\"high\" decoding=\"async\" width=\"900\" height=\"506\" src=\"https:\/\/www.tresordepices.fr\/wp-content\/uploads\/2025\/04\/FestivalDesTerroirs_Lyon_2025_intro_72dpi_1920x1080px-1024x576.jpg\" class=\"attachment-large size-large wp-image-4143\" alt=\"Epices de Madagascar au Festival des terroirs Lyon 2025\" srcset=\"https:\/\/www.tresordepices.fr\/wp-content\/uploads\/2025\/04\/FestivalDesTerroirs_Lyon_2025_intro_72dpi_1920x1080px-1024x576.jpg 1024w, https:\/\/www.tresordepices.fr\/wp-content\/uploads\/2025\/04\/FestivalDesTerroirs_Lyon_2025_intro_72dpi_1920x1080px-300x169.jpg 300w, https:\/\/www.tresordepices.fr\/wp-content\/uploads\/2025\/04\/FestivalDesTerroirs_Lyon_2025_intro_72dpi_1920x1080px-768x432.jpg 768w, https:\/\/www.tresordepices.fr\/wp-content\/uploads\/2025\/04\/FestivalDesTerroirs_Lyon_2025_intro_72dpi_1920x1080px-1536x864.jpg 1536w, https:\/\/www.tresordepices.fr\/wp-content\/uploads\/2025\/04\/FestivalDesTerroirs_Lyon_2025_intro_72dpi_1920x1080px-950x534.jpg 950w, https:\/\/www.tresordepices.fr\/wp-content\/uploads\/2025\/04\/FestivalDesTerroirs_Lyon_2025_intro_72dpi_1920x1080px-600x338.jpg 600w, https:\/\/www.tresordepices.fr\/wp-content\/uploads\/2025\/04\/FestivalDesTerroirs_Lyon_2025_intro_72dpi_1920x1080px.jpg 1920w\" sizes=\"(max-width: 900px) 100vw, 900px\" \/>\t\t\t\t\t\t\t\t\t\t\t\t\t\t\t<\/div>\n\t\t\t\t<\/div>\n\t\t\t\t\t<\/div>\n\t\t<\/div>\n\t\t\t\t\t<\/div>\n\t\t<\/section>\n\t\t\t\t<section class=\"elementor-section elementor-top-section elementor-element elementor-element-5422bc0 elementor-section-boxed elementor-section-height-default elementor-section-height-default\" data-id=\"5422bc0\" data-element_type=\"section\" data-e-type=\"section\">\n\t\t\t\t\t\t<div class=\"elementor-container elementor-column-gap-default\">\n\t\t\t\t\t<div class=\"elementor-column elementor-col-100 elementor-top-column elementor-element elementor-element-9024ad6\" data-id=\"9024ad6\" data-element_type=\"column\" data-e-type=\"column\">\n\t\t\t<div class=\"elementor-widget-wrap elementor-element-populated\">\n\t\t\t\t\t\t<div class=\"elementor-element elementor-element-22a86e6 elementor-widget elementor-widget-text-editor\" data-id=\"22a86e6\" data-element_type=\"widget\" data-e-type=\"widget\" data-widget_type=\"text-editor.default\">\n\t\t\t\t<div class=\"elementor-widget-container\">\n\t\t\t\t\t\t\t\t\t<p>Address: Espace Heat, quartier Confluence \u2013 Lyon, 74<br \/>Dates: April 11 to 13, 2025<br \/>Opening hours: 11:00 AM to 7:00 PM<\/p>\t\t\t\t\t\t\t\t<\/div>\n\t\t\t\t<\/div>\n\t\t\t\t\t<\/div>\n\t\t<\/div>\n\t\t\t\t\t<\/div>\n\t\t<\/section>\n\t\t\t\t<section class=\"elementor-section elementor-top-section elementor-element elementor-element-a621f21 elementor-section-boxed elementor-section-height-default elementor-section-height-default\" data-id=\"a621f21\" data-element_type=\"section\" data-e-type=\"section\">\n\t\t\t\t\t\t<div class=\"elementor-container elementor-column-gap-default\">\n\t\t\t\t\t<div class=\"elementor-column elementor-col-100 elementor-top-column elementor-element elementor-element-181f30e\" data-id=\"181f30e\" data-element_type=\"column\" data-e-type=\"column\">\n\t\t\t<div class=\"elementor-widget-wrap elementor-element-populated\">\n\t\t\t\t\t\t<div class=\"elementor-element elementor-element-714abb9 elementor-arrows-position-inside elementor-pagination-position-outside elementor-widget elementor-widget-image-carousel\" data-id=\"714abb9\" data-element_type=\"widget\" data-e-type=\"widget\" data-settings=\"{&quot;slides_to_show&quot;:&quot;3&quot;,&quot;image_spacing_custom&quot;:{&quot;unit&quot;:&quot;px&quot;,&quot;size&quot;:10,&quot;sizes&quot;:[]},&quot;slides_to_scroll&quot;:&quot;1&quot;,&quot;navigation&quot;:&quot;both&quot;,&quot;autoplay&quot;:&quot;yes&quot;,&quot;pause_on_hover&quot;:&quot;yes&quot;,&quot;pause_on_interaction&quot;:&quot;yes&quot;,&quot;autoplay_speed&quot;:5000,&quot;infinite&quot;:&quot;yes&quot;,&quot;speed&quot;:500,&quot;image_spacing_custom_tablet&quot;:{&quot;unit&quot;:&quot;px&quot;,&quot;size&quot;:&quot;&quot;,&quot;sizes&quot;:[]},&quot;image_spacing_custom_mobile&quot;:{&quot;unit&quot;:&quot;px&quot;,&quot;size&quot;:&quot;&quot;,&quot;sizes&quot;:[]}}\" data-widget_type=\"image-carousel.default\">\n\t\t\t\t<div class=\"elementor-widget-container\">\n\t\t\t\t\t\t\t<div class=\"elementor-image-carousel-wrapper swiper\" role=\"region\" aria-roledescription=\"carousel\" aria-label=\"Carrousel d\u2019images\" dir=\"ltr\">\n\t\t\t<div class=\"elementor-image-carousel swiper-wrapper\" aria-live=\"off\">\n\t\t\t\t\t\t\t\t<div class=\"swiper-slide\" role=\"group\" aria-roledescription=\"slide\" aria-label=\"1 sur 3\"><figure class=\"swiper-slide-inner\"><img decoding=\"async\" class=\"swiper-slide-image\" src=\"https:\/\/www.tresordepices.fr\/wp-content\/uploads\/2025\/04\/FestivalDesTerroirs_Lyon_2025_galerie_72dpi_1200x1200px_1-300x300.jpg\" alt=\"FestivalDesTerroirs_Lyon_2025_galerie_72dpi_1200x1200px_1\" \/><\/figure><\/div><div class=\"swiper-slide\" role=\"group\" aria-roledescription=\"slide\" aria-label=\"2 sur 3\"><figure class=\"swiper-slide-inner\"><img decoding=\"async\" class=\"swiper-slide-image\" src=\"https:\/\/www.tresordepices.fr\/wp-content\/uploads\/2025\/04\/FestivalDesTerroirs_Lyon_2025_galerie_72dpi_1200x1200px_2-300x300.jpg\" alt=\"FestivalDesTerroirs_Lyon_2025_galerie_72dpi_1200x1200px_2\" \/><\/figure><\/div><div class=\"swiper-slide\" role=\"group\" aria-roledescription=\"slide\" aria-label=\"3 sur 3\"><figure class=\"swiper-slide-inner\"><img decoding=\"async\" class=\"swiper-slide-image\" src=\"https:\/\/www.tresordepices.fr\/wp-content\/uploads\/2025\/04\/FestivalDesTerroirs_Lyon_2025_galerie_72dpi_1200x1200px_3-300x300.jpg\" alt=\"FestivalDesTerroirs_Lyon_2025_galerie_72dpi_1200x1200px_3\" \/><\/figure><\/div>\t\t\t<\/div>\n\t\t\t\t\t\t\t\t\t\t\t\t<div class=\"elementor-swiper-button elementor-swiper-button-prev\" role=\"button\" tabindex=\"0\">\n\t\t\t\t\t\t<i aria-hidden=\"true\" class=\"eicon-chevron-left\"><\/i>\t\t\t\t\t<\/div>\n\t\t\t\t\t<div class=\"elementor-swiper-button elementor-swiper-button-next\" role=\"button\" tabindex=\"0\">\n\t\t\t\t\t\t<i aria-hidden=\"true\" class=\"eicon-chevron-right\"><\/i>\t\t\t\t\t<\/div>\n\t\t\t\t\n\t\t\t\t\t\t\t\t\t<div class=\"swiper-pagination\"><\/div>\n\t\t\t\t\t\t\t\t\t<\/div>\n\t\t\t\t\t\t<\/div>\n\t\t\t\t<\/div>\n\t\t\t\t\t<\/div>\n\t\t<\/div>\n\t\t\t\t\t<\/div>\n\t\t<\/section>\n\t\t\t\t<section class=\"elementor-section elementor-top-section elementor-element elementor-element-8a5386f elementor-section-boxed elementor-section-height-default elementor-section-height-default\" data-id=\"8a5386f\" data-element_type=\"section\" data-e-type=\"section\">\n\t\t\t\t\t\t<div class=\"elementor-container elementor-column-gap-default\">\n\t\t\t\t\t<div class=\"elementor-column elementor-col-100 elementor-top-column elementor-element elementor-element-79fdf1e\" data-id=\"79fdf1e\" data-element_type=\"column\" data-e-type=\"column\">\n\t\t\t<div class=\"elementor-widget-wrap elementor-element-populated\">\n\t\t\t\t\t\t<section class=\"elementor-section elementor-inner-section elementor-element elementor-element-bfa8714 elementor-section-boxed elementor-section-height-default elementor-section-height-default\" data-id=\"bfa8714\" data-element_type=\"section\" data-e-type=\"section\">\n\t\t\t\t\t\t<div class=\"elementor-container elementor-column-gap-default\">\n\t\t\t\t\t<div class=\"elementor-column elementor-col-50 elementor-inner-column elementor-element elementor-element-355a6bd\" data-id=\"355a6bd\" data-element_type=\"column\" data-e-type=\"column\">\n\t\t\t<div class=\"elementor-widget-wrap elementor-element-populated\">\n\t\t\t\t\t\t<div class=\"elementor-element elementor-element-eb081da elementor-widget elementor-widget-image\" data-id=\"eb081da\" data-element_type=\"widget\" data-e-type=\"widget\" data-widget_type=\"image.default\">\n\t\t\t\t<div class=\"elementor-widget-container\">\n\t\t\t\t\t\t\t\t\t\t\t\t\t\t\t<img decoding=\"async\" width=\"900\" height=\"900\" src=\"https:\/\/www.tresordepices.fr\/wp-content\/uploads\/2025\/04\/FestivalDesTerroirs_Lyon_2025_BaharAghamalova_72dpi_1200x1200px-1024x1024.jpg\" class=\"attachment-large size-large wp-image-4173\" alt=\"Bahar Aghamalova\" srcset=\"https:\/\/www.tresordepices.fr\/wp-content\/uploads\/2025\/04\/FestivalDesTerroirs_Lyon_2025_BaharAghamalova_72dpi_1200x1200px-1024x1024.jpg 1024w, https:\/\/www.tresordepices.fr\/wp-content\/uploads\/2025\/04\/FestivalDesTerroirs_Lyon_2025_BaharAghamalova_72dpi_1200x1200px-300x300.jpg 300w, https:\/\/www.tresordepices.fr\/wp-content\/uploads\/2025\/04\/FestivalDesTerroirs_Lyon_2025_BaharAghamalova_72dpi_1200x1200px-150x150.jpg 150w, https:\/\/www.tresordepices.fr\/wp-content\/uploads\/2025\/04\/FestivalDesTerroirs_Lyon_2025_BaharAghamalova_72dpi_1200x1200px-768x768.jpg 768w, https:\/\/www.tresordepices.fr\/wp-content\/uploads\/2025\/04\/FestivalDesTerroirs_Lyon_2025_BaharAghamalova_72dpi_1200x1200px-280x280.jpg 280w, https:\/\/www.tresordepices.fr\/wp-content\/uploads\/2025\/04\/FestivalDesTerroirs_Lyon_2025_BaharAghamalova_72dpi_1200x1200px-950x950.jpg 950w, https:\/\/www.tresordepices.fr\/wp-content\/uploads\/2025\/04\/FestivalDesTerroirs_Lyon_2025_BaharAghamalova_72dpi_1200x1200px-600x600.jpg 600w, https:\/\/www.tresordepices.fr\/wp-content\/uploads\/2025\/04\/FestivalDesTerroirs_Lyon_2025_BaharAghamalova_72dpi_1200x1200px-100x100.jpg 100w, https:\/\/www.tresordepices.fr\/wp-content\/uploads\/2025\/04\/FestivalDesTerroirs_Lyon_2025_BaharAghamalova_72dpi_1200x1200px.jpg 1200w\" sizes=\"(max-width: 900px) 100vw, 900px\" \/>\t\t\t\t\t\t\t\t\t\t\t\t\t\t\t<\/div>\n\t\t\t\t<\/div>\n\t\t\t\t\t<\/div>\n\t\t<\/div>\n\t\t\t\t<div class=\"elementor-column elementor-col-50 elementor-inner-column elementor-element elementor-element-98ad2cb\" data-id=\"98ad2cb\" data-element_type=\"column\" data-e-type=\"column\">\n\t\t\t<div class=\"elementor-widget-wrap elementor-element-populated\">\n\t\t\t\t\t\t<div class=\"elementor-element elementor-element-542a102 elementor-widget elementor-widget-text-editor\" data-id=\"542a102\" data-element_type=\"widget\" data-e-type=\"widget\" data-widget_type=\"text-editor.default\">\n\t\t\t\t<div class=\"elementor-widget-container\">\n\t\t\t\t\t\t\t\t\tBahar AGHAMALOVA<br>\nWinner of the Best Seasonal Dessert at this 3rd edition.<br><br>\nHaving competed with Tr\u00e9sor d\u2019\u00c9pices' gourmet black vanilla, she honored us by coming to share this victory at our booth.<br>\nCongratulations!\t\t\t\t\t\t\t\t<\/div>\n\t\t\t\t<\/div>\n\t\t\t\t<div class=\"elementor-element elementor-element-221d75c elementor-widget elementor-widget-lettery-buttons\" data-id=\"221d75c\" data-element_type=\"widget\" data-e-type=\"widget\" data-widget_type=\"lettery-buttons.default\">\n\t\t\t\t<div class=\"elementor-widget-container\">\n\t\t\t\t\t\t\t\n\t\t\t\t<!-- buttons -->\n\t\t<div class=\"mil-appearance\">\n\t\t\t\t\t\t\t\t\t<a href=\"https:\/\/www.instagram.com\/s\/aGlnaGxpZ2h0OjE4MDczMDg5MjgzODgzNTE2?story_media_id=3609931519406571122&#038;igsh=MXRrcXRobTMybGx5bg==\" class=\"mil-link-hover mil-link-arrow\">\n\t\t\t\t<span >\n\t\t\t\t\tView the competition\t\t\t\t<\/span>\n\t\t\t<\/a>\n\t\t\t\t\t\t\t\t<\/div>\n\t\t<!-- buttons end -->\n\t\t\n\t\t\t\t\t\t<\/div>\n\t\t\t\t<\/div>\n\t\t\t\t\t<\/div>\n\t\t<\/div>\n\t\t\t\t\t<\/div>\n\t\t<\/section>\n\t\t\t\t\t<\/div>\n\t\t<\/div>\n\t\t\t\t\t<\/div>\n\t\t<\/section>\n\t\t\t\t<section class=\"elementor-section elementor-top-section elementor-element elementor-element-dd24c90 elementor-section-boxed elementor-section-height-default elementor-section-height-default\" data-id=\"dd24c90\" data-element_type=\"section\" data-e-type=\"section\">\n\t\t\t\t\t\t<div class=\"elementor-container elementor-column-gap-default\">\n\t\t\t\t\t<div class=\"elementor-column elementor-col-100 elementor-top-column elementor-element elementor-element-668876b\" data-id=\"668876b\" data-element_type=\"column\" data-e-type=\"column\">\n\t\t\t<div class=\"elementor-widget-wrap elementor-element-populated\">\n\t\t\t\t\t\t<div class=\"elementor-element elementor-element-2e03908 elementor-widget__width-auto e-transform elementor-widget elementor-widget-video\" data-id=\"2e03908\" data-element_type=\"widget\" data-e-type=\"widget\" data-settings=\"{&quot;video_type&quot;:&quot;hosted&quot;,&quot;controls&quot;:&quot;yes&quot;,&quot;_transform_rotateZ_effect&quot;:{&quot;unit&quot;:&quot;px&quot;,&quot;size&quot;:&quot;&quot;,&quot;sizes&quot;:[]},&quot;_transform_rotateZ_effect_tablet&quot;:{&quot;unit&quot;:&quot;deg&quot;,&quot;size&quot;:&quot;&quot;,&quot;sizes&quot;:[]},&quot;_transform_rotateZ_effect_mobile&quot;:{&quot;unit&quot;:&quot;deg&quot;,&quot;size&quot;:&quot;&quot;,&quot;sizes&quot;:[]}}\" data-widget_type=\"video.default\">\n\t\t\t\t<div class=\"elementor-widget-container\">\n\t\t\t\t\t\t\t<div class=\"e-hosted-video elementor-wrapper elementor-open-inline\">\n\t\t\t\t\t<video class=\"elementor-video\" src=\"https:\/\/www.tresordepices.fr\/wp-content\/uploads\/2025\/04\/IMG_0058.mov\" controls=\"\" preload=\"metadata\" controlslist=\"nodownload\"><\/video>\n\t\t\t\t<\/div>\n\t\t\t\t\t\t<\/div>\n\t\t\t\t<\/div>\n\t\t\t\t\t<\/div>\n\t\t<\/div>\n\t\t\t\t\t<\/div>\n\t\t<\/section>\n\t\t\t\t<\/div>","protected":false},"excerpt":{"rendered":"<p>Du 11 au 13 avril 2025, Tr\u00e9sor d&#8217;\u00c9pices sera pr\u00e9sente \u00e0 la troisi\u00e8me \u00e9dition du Festival des terroirs \u00e0 Lyon.<\/p>","protected":false},"author":1,"featured_media":4141,"comment_status":"closed","ping_status":"open","sticky":false,"template":"","format":"standard","meta":{"_acf_changed":false,"footnotes":""},"categories":[39],"tags":[],"class_list":["post-4139","post","type-post","status-publish","format-standard","has-post-thumbnail","hentry","category-evenement"],"acf":[],"yoast_head":"<!-- This site is optimized with the Yoast SEO plugin v26.2 - https:\/\/yoast.com\/wordpress\/plugins\/seo\/ -->\n<title>Festival des terroirs 2025Lyon, 69du 11 au 13 avril 2025 | Tr\u00e9sor d&#039;\u00c9pices<\/title>\n<meta name=\"description\" content=\"Festival des terroirs, Lyon du 11 au 13 avril 2025. Nous vous proposons une gamme d&#039;\u00e9pices exceptionnelles et la vanille de Madagascar.\" \/>\n<meta name=\"robots\" content=\"index, follow, max-snippet:-1, max-image-preview:large, max-video-preview:-1\" \/>\n<link rel=\"canonical\" href=\"https:\/\/www.tresordepices.fr\/en\/festival-des-terroirs-2025lyon-69\/\" \/>\n<meta property=\"og:locale\" content=\"en_US\" \/>\n<meta property=\"og:type\" content=\"article\" \/>\n<meta property=\"og:title\" content=\"Festival des terroirs 2025Lyon, 69du 11 au 13 avril 2025 | Tr\u00e9sor d&#039;\u00c9pices\" \/>\n<meta property=\"og:description\" content=\"Festival des terroirs, Lyon du 11 au 13 avril 2025. Nous vous proposons une gamme d&#039;\u00e9pices exceptionnelles et la vanille de Madagascar.\" \/>\n<meta property=\"og:url\" content=\"https:\/\/www.tresordepices.fr\/en\/festival-des-terroirs-2025lyon-69\/\" \/>\n<meta property=\"og:site_name\" content=\"Tr\u00e9sor d&#039;\u00c9pices\" \/>\n<meta property=\"article:published_time\" content=\"2025-04-10T13:25:30+00:00\" \/>\n<meta property=\"article:modified_time\" content=\"2025-04-20T16:34:05+00:00\" \/>\n<meta property=\"og:image\" content=\"https:\/\/www.tresordepices.fr\/wp-content\/uploads\/2025\/04\/FestivalDesTerroirs_Lyon_affiche_2025.png\" \/>\n\t<meta property=\"og:image:width\" content=\"1280\" \/>\n\t<meta property=\"og:image:height\" content=\"706\" \/>\n\t<meta property=\"og:image:type\" content=\"image\/png\" \/>\n<meta name=\"author\" content=\"L&#039;\u00e9quipe Tr\u00e9sor d&#039;\u00c9pices\" \/>\n<meta name=\"twitter:card\" content=\"summary_large_image\" \/>\n<meta name=\"twitter:label1\" content=\"Written by\" \/>\n\t<meta name=\"twitter:data1\" content=\"L&#039;\u00e9quipe Tr\u00e9sor d&#039;\u00c9pices\" \/>\n\t<meta name=\"twitter:label2\" content=\"Est. reading time\" \/>\n\t<meta name=\"twitter:data2\" content=\"3 minutes\" \/>\n<script type=\"application\/ld+json\" class=\"yoast-schema-graph\">{\"@context\":\"https:\/\/schema.org\",\"@graph\":[{\"@type\":\"Article\",\"@id\":\"https:\/\/www.tresordepices.fr\/festival-des-terroirs-2025lyon-69\/#article\",\"isPartOf\":{\"@id\":\"https:\/\/www.tresordepices.fr\/festival-des-terroirs-2025lyon-69\/\"},\"author\":{\"name\":\"L'\u00e9quipe Tr\u00e9sor d'\u00c9pices\",\"@id\":\"https:\/\/www.tresordepices.fr\/#\/schema\/person\/beb2fe77b5895295538daa42faaeacdf\"},\"headline\":\"Festival des terroirs 2025 Lyon, 69 du 11 au 13 avril 2025\",\"datePublished\":\"2025-04-10T13:25:30+00:00\",\"dateModified\":\"2025-04-20T16:34:05+00:00\",\"mainEntityOfPage\":{\"@id\":\"https:\/\/www.tresordepices.fr\/festival-des-terroirs-2025lyon-69\/\"},\"wordCount\":79,\"publisher\":{\"@id\":\"https:\/\/www.tresordepices.fr\/#organization\"},\"image\":{\"@id\":\"https:\/\/www.tresordepices.fr\/festival-des-terroirs-2025lyon-69\/#primaryimage\"},\"thumbnailUrl\":\"https:\/\/www.tresordepices.fr\/wp-content\/uploads\/2025\/04\/FestivalDesTerroirs_Lyon_affiche_2025.png\",\"articleSection\":[\"\u00c9v\u00e8nement\"],\"inLanguage\":\"en-US\"},{\"@type\":\"WebPage\",\"@id\":\"https:\/\/www.tresordepices.fr\/festival-des-terroirs-2025lyon-69\/\",\"url\":\"https:\/\/www.tresordepices.fr\/festival-des-terroirs-2025lyon-69\/\",\"name\":\"Festival des terroirs 2025 Lyon, 69 du 11 au 13 avril 2025 | Tr\u00e9sor d&#039;\u00c9pices\",\"isPartOf\":{\"@id\":\"https:\/\/www.tresordepices.fr\/#website\"},\"primaryImageOfPage\":{\"@id\":\"https:\/\/www.tresordepices.fr\/festival-des-terroirs-2025lyon-69\/#primaryimage\"},\"image\":{\"@id\":\"https:\/\/www.tresordepices.fr\/festival-des-terroirs-2025lyon-69\/#primaryimage\"},\"thumbnailUrl\":\"https:\/\/www.tresordepices.fr\/wp-content\/uploads\/2025\/04\/FestivalDesTerroirs_Lyon_affiche_2025.png\",\"datePublished\":\"2025-04-10T13:25:30+00:00\",\"dateModified\":\"2025-04-20T16:34:05+00:00\",\"description\":\"Festival des terroirs, Lyon du 11 au 13 avril 2025. Nous vous proposons une gamme d'\u00e9pices exceptionnelles et la vanille de Madagascar.\",\"breadcrumb\":{\"@id\":\"https:\/\/www.tresordepices.fr\/festival-des-terroirs-2025lyon-69\/#breadcrumb\"},\"inLanguage\":\"en-US\",\"potentialAction\":[{\"@type\":\"ReadAction\",\"target\":[\"https:\/\/www.tresordepices.fr\/festival-des-terroirs-2025lyon-69\/\"]}]},{\"@type\":\"ImageObject\",\"inLanguage\":\"en-US\",\"@id\":\"https:\/\/www.tresordepices.fr\/festival-des-terroirs-2025lyon-69\/#primaryimage\",\"url\":\"https:\/\/www.tresordepices.fr\/wp-content\/uploads\/2025\/04\/FestivalDesTerroirs_Lyon_affiche_2025.png\",\"contentUrl\":\"https:\/\/www.tresordepices.fr\/wp-content\/uploads\/2025\/04\/FestivalDesTerroirs_Lyon_affiche_2025.png\",\"width\":1280,\"height\":706,\"caption\":\"Festival des terroirs Lyon 2025\"},{\"@type\":\"BreadcrumbList\",\"@id\":\"https:\/\/www.tresordepices.fr\/festival-des-terroirs-2025lyon-69\/#breadcrumb\",\"itemListElement\":[{\"@type\":\"ListItem\",\"position\":1,\"name\":\"Accueil\",\"item\":\"https:\/\/www.tresordepices.fr\/\"},{\"@type\":\"ListItem\",\"position\":2,\"name\":\"Festival des terroirs 2025Lyon, 69du 11 au 13 avril 2025\"}]},{\"@type\":\"WebSite\",\"@id\":\"https:\/\/www.tresordepices.fr\/#website\",\"url\":\"https:\/\/www.tresordepices.fr\/\",\"name\":\"Tr\u00e9sor d&#039;\u00c9pices\",\"description\":\"Vanille bourbon et \u00e9pices de Madagascar\",\"publisher\":{\"@id\":\"https:\/\/www.tresordepices.fr\/#organization\"},\"potentialAction\":[{\"@type\":\"SearchAction\",\"target\":{\"@type\":\"EntryPoint\",\"urlTemplate\":\"https:\/\/www.tresordepices.fr\/?s={search_term_string}\"},\"query-input\":{\"@type\":\"PropertyValueSpecification\",\"valueRequired\":true,\"valueName\":\"search_term_string\"}}],\"inLanguage\":\"en-US\"},{\"@type\":\"Organization\",\"@id\":\"https:\/\/www.tresordepices.fr\/#organization\",\"name\":\"Tr\u00e9sor d&#039;\u00c9pices\",\"url\":\"https:\/\/www.tresordepices.fr\/\",\"logo\":{\"@type\":\"ImageObject\",\"inLanguage\":\"en-US\",\"@id\":\"https:\/\/www.tresordepices.fr\/#\/schema\/logo\/image\/\",\"url\":\"https:\/\/www.tresordepices.fr\/wp-content\/uploads\/2022\/01\/TdE_logo.png\",\"contentUrl\":\"https:\/\/www.tresordepices.fr\/wp-content\/uploads\/2022\/01\/TdE_logo.png\",\"width\":582,\"height\":269,\"caption\":\"Tr\u00e9sor d&#039;\u00c9pices\"},\"image\":{\"@id\":\"https:\/\/www.tresordepices.fr\/#\/schema\/logo\/image\/\"}},{\"@type\":\"Person\",\"@id\":\"https:\/\/www.tresordepices.fr\/#\/schema\/person\/beb2fe77b5895295538daa42faaeacdf\",\"name\":\"L'\u00e9quipe Tr\u00e9sor d'\u00c9pices\",\"image\":{\"@type\":\"ImageObject\",\"inLanguage\":\"en-US\",\"@id\":\"https:\/\/www.tresordepices.fr\/#\/schema\/person\/image\/\",\"url\":\"https:\/\/secure.gravatar.com\/avatar\/65390a7d233eeb1454dd25d4fdfa73b9f4d18dfbb443a9869227a541019033cd?s=96&d=mm&r=g\",\"contentUrl\":\"https:\/\/secure.gravatar.com\/avatar\/65390a7d233eeb1454dd25d4fdfa73b9f4d18dfbb443a9869227a541019033cd?s=96&d=mm&r=g\",\"caption\":\"L'\u00e9quipe Tr\u00e9sor d'\u00c9pices\"},\"sameAs\":[\"https:\/\/www.tresordepices.fr\"],\"url\":\"https:\/\/www.tresordepices.fr\/en\/author\/tde\/\"}]}<\/script>\n<!-- \/ Yoast SEO plugin. -->","yoast_head_json":{"title":"Festival des terroirs 2025Lyon, 69du 11 au 13 avril 2025 | Tr\u00e9sor d&#039;\u00c9pices","description":"Festival des terroirs, Lyon du 11 au 13 avril 2025. Nous vous proposons une gamme d'\u00e9pices exceptionnelles et la vanille de Madagascar.","robots":{"index":"index","follow":"follow","max-snippet":"max-snippet:-1","max-image-preview":"max-image-preview:large","max-video-preview":"max-video-preview:-1"},"canonical":"https:\/\/www.tresordepices.fr\/en\/festival-des-terroirs-2025lyon-69\/","og_locale":"en_US","og_type":"article","og_title":"Festival des terroirs 2025Lyon, 69du 11 au 13 avril 2025 | Tr\u00e9sor d&#039;\u00c9pices","og_description":"Festival des terroirs, Lyon du 11 au 13 avril 2025. Nous vous proposons une gamme d'\u00e9pices exceptionnelles et la vanille de Madagascar.","og_url":"https:\/\/www.tresordepices.fr\/en\/festival-des-terroirs-2025lyon-69\/","og_site_name":"Tr\u00e9sor d&#039;\u00c9pices","article_published_time":"2025-04-10T13:25:30+00:00","article_modified_time":"2025-04-20T16:34:05+00:00","og_image":[{"width":1280,"height":706,"url":"https:\/\/www.tresordepices.fr\/wp-content\/uploads\/2025\/04\/FestivalDesTerroirs_Lyon_affiche_2025.png","type":"image\/png"}],"author":"L'\u00e9quipe Tr\u00e9sor d'\u00c9pices","twitter_card":"summary_large_image","twitter_misc":{"Written by":"L'\u00e9quipe Tr\u00e9sor d'\u00c9pices","Est. reading time":"3 minutes"},"schema":{"@context":"https:\/\/schema.org","@graph":[{"@type":"Article","@id":"https:\/\/www.tresordepices.fr\/festival-des-terroirs-2025lyon-69\/#article","isPartOf":{"@id":"https:\/\/www.tresordepices.fr\/festival-des-terroirs-2025lyon-69\/"},"author":{"name":"L'\u00e9quipe Tr\u00e9sor d'\u00c9pices","@id":"https:\/\/www.tresordepices.fr\/#\/schema\/person\/beb2fe77b5895295538daa42faaeacdf"},"headline":"Festival des terroirs 2025 Lyon, 69 du 11 au 13 avril 2025","datePublished":"2025-04-10T13:25:30+00:00","dateModified":"2025-04-20T16:34:05+00:00","mainEntityOfPage":{"@id":"https:\/\/www.tresordepices.fr\/festival-des-terroirs-2025lyon-69\/"},"wordCount":79,"publisher":{"@id":"https:\/\/www.tresordepices.fr\/#organization"},"image":{"@id":"https:\/\/www.tresordepices.fr\/festival-des-terroirs-2025lyon-69\/#primaryimage"},"thumbnailUrl":"https:\/\/www.tresordepices.fr\/wp-content\/uploads\/2025\/04\/FestivalDesTerroirs_Lyon_affiche_2025.png","articleSection":["\u00c9v\u00e8nement"],"inLanguage":"en-US"},{"@type":"WebPage","@id":"https:\/\/www.tresordepices.fr\/festival-des-terroirs-2025lyon-69\/","url":"https:\/\/www.tresordepices.fr\/festival-des-terroirs-2025lyon-69\/","name":"Festival des terroirs 2025 Lyon, 69 du 11 au 13 avril 2025 | Tr\u00e9sor d&#039;\u00c9pices","isPartOf":{"@id":"https:\/\/www.tresordepices.fr\/#website"},"primaryImageOfPage":{"@id":"https:\/\/www.tresordepices.fr\/festival-des-terroirs-2025lyon-69\/#primaryimage"},"image":{"@id":"https:\/\/www.tresordepices.fr\/festival-des-terroirs-2025lyon-69\/#primaryimage"},"thumbnailUrl":"https:\/\/www.tresordepices.fr\/wp-content\/uploads\/2025\/04\/FestivalDesTerroirs_Lyon_affiche_2025.png","datePublished":"2025-04-10T13:25:30+00:00","dateModified":"2025-04-20T16:34:05+00:00","description":"Festival des terroirs, Lyon du 11 au 13 avril 2025. Nous vous proposons une gamme d'\u00e9pices exceptionnelles et la vanille de Madagascar.","breadcrumb":{"@id":"https:\/\/www.tresordepices.fr\/festival-des-terroirs-2025lyon-69\/#breadcrumb"},"inLanguage":"en-US","potentialAction":[{"@type":"ReadAction","target":["https:\/\/www.tresordepices.fr\/festival-des-terroirs-2025lyon-69\/"]}]},{"@type":"ImageObject","inLanguage":"en-US","@id":"https:\/\/www.tresordepices.fr\/festival-des-terroirs-2025lyon-69\/#primaryimage","url":"https:\/\/www.tresordepices.fr\/wp-content\/uploads\/2025\/04\/FestivalDesTerroirs_Lyon_affiche_2025.png","contentUrl":"https:\/\/www.tresordepices.fr\/wp-content\/uploads\/2025\/04\/FestivalDesTerroirs_Lyon_affiche_2025.png","width":1280,"height":706,"caption":"Festival des terroirs Lyon 2025"},{"@type":"BreadcrumbList","@id":"https:\/\/www.tresordepices.fr\/festival-des-terroirs-2025lyon-69\/#breadcrumb","itemListElement":[{"@type":"ListItem","position":1,"name":"Accueil","item":"https:\/\/www.tresordepices.fr\/"},{"@type":"ListItem","position":2,"name":"Festival des terroirs 2025Lyon, 69du 11 au 13 avril 2025"}]},{"@type":"WebSite","@id":"https:\/\/www.tresordepices.fr\/#website","url":"https:\/\/www.tresordepices.fr\/","name":"Tr\u00e9sor d&#039;\u00c9pices","description":"Vanille bourbon et \u00e9pices de Madagascar","publisher":{"@id":"https:\/\/www.tresordepices.fr\/#organization"},"potentialAction":[{"@type":"SearchAction","target":{"@type":"EntryPoint","urlTemplate":"https:\/\/www.tresordepices.fr\/?s={search_term_string}"},"query-input":{"@type":"PropertyValueSpecification","valueRequired":true,"valueName":"search_term_string"}}],"inLanguage":"en-US"},{"@type":"Organization","@id":"https:\/\/www.tresordepices.fr\/#organization","name":"Tr\u00e9sor d&#039;\u00c9pices","url":"https:\/\/www.tresordepices.fr\/","logo":{"@type":"ImageObject","inLanguage":"en-US","@id":"https:\/\/www.tresordepices.fr\/#\/schema\/logo\/image\/","url":"https:\/\/www.tresordepices.fr\/wp-content\/uploads\/2022\/01\/TdE_logo.png","contentUrl":"https:\/\/www.tresordepices.fr\/wp-content\/uploads\/2022\/01\/TdE_logo.png","width":582,"height":269,"caption":"Tr\u00e9sor d&#039;\u00c9pices"},"image":{"@id":"https:\/\/www.tresordepices.fr\/#\/schema\/logo\/image\/"}},{"@type":"Person","@id":"https:\/\/www.tresordepices.fr\/#\/schema\/person\/beb2fe77b5895295538daa42faaeacdf","name":"L'\u00e9quipe Tr\u00e9sor d'\u00c9pices","image":{"@type":"ImageObject","inLanguage":"en-US","@id":"https:\/\/www.tresordepices.fr\/#\/schema\/person\/image\/","url":"https:\/\/secure.gravatar.com\/avatar\/65390a7d233eeb1454dd25d4fdfa73b9f4d18dfbb443a9869227a541019033cd?s=96&d=mm&r=g","contentUrl":"https:\/\/secure.gravatar.com\/avatar\/65390a7d233eeb1454dd25d4fdfa73b9f4d18dfbb443a9869227a541019033cd?s=96&d=mm&r=g","caption":"L'\u00e9quipe Tr\u00e9sor d'\u00c9pices"},"sameAs":["https:\/\/www.tresordepices.fr"],"url":"https:\/\/www.tresordepices.fr\/en\/author\/tde\/"}]}},"_links":{"self":[{"href":"https:\/\/www.tresordepices.fr\/en\/wp-json\/wp\/v2\/posts\/4139","targetHints":{"allow":["GET"]}}],"collection":[{"href":"https:\/\/www.tresordepices.fr\/en\/wp-json\/wp\/v2\/posts"}],"about":[{"href":"https:\/\/www.tresordepices.fr\/en\/wp-json\/wp\/v2\/types\/post"}],"author":[{"embeddable":true,"href":"https:\/\/www.tresordepices.fr\/en\/wp-json\/wp\/v2\/users\/1"}],"replies":[{"embeddable":true,"href":"https:\/\/www.tresordepices.fr\/en\/wp-json\/wp\/v2\/comments?post=4139"}],"version-history":[{"count":53,"href":"https:\/\/www.tresordepices.fr\/en\/wp-json\/wp\/v2\/posts\/4139\/revisions"}],"predecessor-version":[{"id":4221,"href":"https:\/\/www.tresordepices.fr\/en\/wp-json\/wp\/v2\/posts\/4139\/revisions\/4221"}],"wp:featuredmedia":[{"embeddable":true,"href":"https:\/\/www.tresordepices.fr\/en\/wp-json\/wp\/v2\/media\/4141"}],"wp:attachment":[{"href":"https:\/\/www.tresordepices.fr\/en\/wp-json\/wp\/v2\/media?parent=4139"}],"wp:term":[{"taxonomy":"category","embeddable":true,"href":"https:\/\/www.tresordepices.fr\/en\/wp-json\/wp\/v2\/categories?post=4139"},{"taxonomy":"post_tag","embeddable":true,"href":"https:\/\/www.tresordepices.fr\/en\/wp-json\/wp\/v2\/tags?post=4139"}],"curies":[{"name":"wp","href":"https:\/\/api.w.org\/{rel}","templated":true}]}}